{"id":6474,"date":"2024-07-01T19:13:37","date_gmt":"2024-07-01T19:13:37","guid":{"rendered":"https:\/\/ff-wimpassing.at\/?p=6474"},"modified":"2024-07-01T19:13:37","modified_gmt":"2024-07-01T19:13:37","slug":"brandsicherheitswache-4","status":"publish","type":"post","link":"https:\/\/ff-wimpassing.at\/?p=6474","title":{"rendered":"Brandsicherheitswache"},"content":{"rendered":"\n<p>Auch heuer lockte das Moccamio OpenAir wieder hunderte Besucher nach Wimpassing in den Eduard-Gaderer-Park. Starg\u00e4ste waren der Kabarettist und Schauspieler Roland D\u00fcringer und der \u00f6sterrechisch-isl\u00e4ndische Musiker Thorsteinn Einarsson. Unsere Kammeradinnen und Kameraden hielten wieder Brandsicherheitswache und konnten dabei ein Foto mit den Stars ergattern.<\/p>\n\n\n\n<figure class=\"wp-block-gallery has-nested-images columns-default is-cropped wp-block-gallery-1 is-layout-flex wp-block-gallery-is-layout-flex\">\n<figure class=\"wp-block-image size-large\"><a href=\"https:\/\/ff-wimpassing.at\/wp-content\/uploads\/2024\/07\/IMG-20240629-WA0003.jpg\"><img loading=\"lazy\" decoding=\"async\" width=\"1024\" height=\"768\" data-id=\"6471\" src=\"https:\/\/ff-wimpassing.at\/wp-content\/uploads\/2024\/07\/IMG-20240629-WA0003-1024x768.jpg?v=1719860144\" alt=\"\" class=\"wp-image-6471\" srcset=\"https:\/\/ff-wimpassing.at\/wp-content\/uploads\/2024\/07\/IMG-20240629-WA0003-1024x768.jpg?v=1719860144 1024w, https:\/\/ff-wimpassing.at\/wp-content\/uploads\/2024\/07\/IMG-20240629-WA0003-300x225.jpg?v=1719860144 300w, https:\/\/ff-wimpassing.at\/wp-content\/uploads\/2024\/07\/IMG-20240629-WA0003-768x576.jpg?v=1719860144 768w, https:\/\/ff-wimpassing.at\/wp-content\/uploads\/2024\/07\/IMG-20240629-WA0003-1536x1152.jpg?v=1719860144 1536w, https:\/\/ff-wimpassing.at\/wp-content\/uploads\/2024\/07\/IMG-20240629-WA0003.jpg?v=1719860144 1799w\" sizes=\"auto, (max-width: 1024px) 100vw, 1024px\" \/><\/a><\/figure>\n\n\n\n<figure class=\"wp-block-image size-large\"><a href=\"https:\/\/ff-wimpassing.at\/wp-content\/uploads\/2024\/07\/IMG-20240629-WA0000.jpg\"><img loading=\"lazy\" decoding=\"async\" width=\"1024\" height=\"772\" data-id=\"6472\" src=\"https:\/\/ff-wimpassing.at\/wp-content\/uploads\/2024\/07\/IMG-20240629-WA0000-1024x772.jpg?v=1719860154\" alt=\"\" class=\"wp-image-6472\" srcset=\"https:\/\/ff-wimpassing.at\/wp-content\/uploads\/2024\/07\/IMG-20240629-WA0000-1024x772.jpg?v=1719860154 1024w, https:\/\/ff-wimpassing.at\/wp-content\/uploads\/2024\/07\/IMG-20240629-WA0000-300x226.jpg?v=1719860154 300w, https:\/\/ff-wimpassing.at\/wp-content\/uploads\/2024\/07\/IMG-20240629-WA0000-768x579.jpg?v=1719860154 768w, https:\/\/ff-wimpassing.at\/wp-content\/uploads\/2024\/07\/IMG-20240629-WA0000-1536x1158.jpg?v=1719860154 1536w, https:\/\/ff-wimpassing.at\/wp-content\/uploads\/2024\/07\/IMG-20240629-WA0000.jpg?v=1719860154 1675w\" sizes=\"auto, (max-width: 1024px) 100vw, 1024px\" \/><\/a><\/figure>\n\n\n\n<figure class=\"wp-block-image size-large\"><a href=\"https:\/\/ff-wimpassing.at\/wp-content\/uploads\/2024\/07\/IMG-20240629-WA0005.jpg\"><img loading=\"lazy\" decoding=\"async\" width=\"1024\" height=\"768\" data-id=\"6473\" src=\"https:\/\/ff-wimpassing.at\/wp-content\/uploads\/2024\/07\/IMG-20240629-WA0005-1024x768.jpg?v=1719860171\" alt=\"\" class=\"wp-image-6473\" srcset=\"https:\/\/ff-wimpassing.at\/wp-content\/uploads\/2024\/07\/IMG-20240629-WA0005-1024x768.jpg?v=1719860171 1024w, https:\/\/ff-wimpassing.at\/wp-content\/uploads\/2024\/07\/IMG-20240629-WA0005-300x225.jpg?v=1719860171 300w, https:\/\/ff-wimpassing.at\/wp-content\/uploads\/2024\/07\/IMG-20240629-WA0005-768x576.jpg?v=1719860171 768w, https:\/\/ff-wimpassing.at\/wp-content\/uploads\/2024\/07\/IMG-20240629-WA0005-1536x1152.jpg?v=1719860171 1536w, https:\/\/ff-wimpassing.at\/wp-content\/uploads\/2024\/07\/IMG-20240629-WA0005.jpg?v=1719860171 2040w\" sizes=\"auto, (max-width: 1024px) 100vw, 1024px\" \/><\/a><\/figure>\n<\/figure>\n","protected":false},"excerpt":{"rendered":"<p>Auch heuer lockte das Moccamio OpenAir wieder hunderte Besucher nach Wimpassing in den Eduard-Gaderer-Park. Starg\u00e4ste waren der Kabarettist und Schauspieler Roland D\u00fcringer und der \u00f6sterrechisch-isl\u00e4ndische Musiker Thorsteinn Einarsson. Unsere Kammeradinnen und Kameraden hielten wieder Brandsicherheitswache und konnten dabei ein Foto mit den Stars ergattern.<\/p>\n","protected":false},"author":2,"featured_media":6471,"comment_status":"open","ping_status":"open","sticky":false,"template":"","format":"standard","meta":{"footnotes":""},"categories":[4],"tags":[],"class_list":["post-6474","post","type-post","status-publish","format-standard","has-post-thumbnail","hentry","category-einsaetze"],"_links":{"self":[{"href":"https:\/\/ff-wimpassing.at\/index.php?rest_route=\/wp\/v2\/posts\/6474","targetHints":{"allow":["GET"]}}],"collection":[{"href":"https:\/\/ff-wimpassing.at\/index.php?rest_route=\/wp\/v2\/posts"}],"about":[{"href":"https:\/\/ff-wimpassing.at\/index.php?rest_route=\/wp\/v2\/types\/post"}],"author":[{"embeddable":true,"href":"https:\/\/ff-wimpassing.at\/index.php?rest_route=\/wp\/v2\/users\/2"}],"replies":[{"embeddable":true,"href":"https:\/\/ff-wimpassing.at\/index.php?rest_route=%2Fwp%2Fv2%2Fcomments&post=6474"}],"version-history":[{"count":1,"href":"https:\/\/ff-wimpassing.at\/index.php?rest_route=\/wp\/v2\/posts\/6474\/revisions"}],"predecessor-version":[{"id":6475,"href":"https:\/\/ff-wimpassing.at\/index.php?rest_route=\/wp\/v2\/posts\/6474\/revisions\/6475"}],"wp:featuredmedia":[{"embeddable":true,"href":"https:\/\/ff-wimpassing.at\/index.php?rest_route=\/wp\/v2\/media\/6471"}],"wp:attachment":[{"href":"https:\/\/ff-wimpassing.at\/index.php?rest_route=%2Fwp%2Fv2%2Fmedia&parent=6474"}],"wp:term":[{"taxonomy":"category","embeddable":true,"href":"https:\/\/ff-wimpassing.at\/index.php?rest_route=%2Fwp%2Fv2%2Fcategories&post=6474"},{"taxonomy":"post_tag","embeddable":true,"href":"https:\/\/ff-wimpassing.at\/index.php?rest_route=%2Fwp%2Fv2%2Ftags&post=6474"}],"curies":[{"name":"wp","href":"https:\/\/api.w.org\/{rel}","templated":true}]}}