{"id":4491,"date":"2021-01-01T12:20:00","date_gmt":"2021-01-01T12:20:00","guid":{"rendered":"https:\/\/ff-wimpassing.at\/?p=4491"},"modified":"2023-03-29T06:42:17","modified_gmt":"2023-03-29T06:42:17","slug":"1990-bis-1999","status":"publish","type":"post","link":"https:\/\/ff-wimpassing.at\/?p=4491","title":{"rendered":"1990 bis 1999"},"content":{"rendered":"\n<p>Durch den schrittweisen Ausbau der Semmering-Schnellsta\u00dfe S6 ging die Anzahl der schweren Verkehrsunf\u00e4lle Anfang der 90er Jahre im Ortsgebiet stark zur\u00fcck. Anfang der 90er wurde ein TLF-A 4000 angekauft, dass sich schon kurz darauf beim Brandeinsatz am Schneeberg beweisen konnte. Gegen Ende der 90er Jahre kam es zu einigen Gro\u00dfbr\u00e4nden in der ortsans\u00e4ssigen Industrie.<\/p>\n\n\n\n<p style=\"font-size:25px\"><strong><em><mark style=\"background-color:rgba(0, 0, 0, 0)\" class=\"has-inline-color has-vivid-red-color\">1990<\/mark><\/em><\/strong><\/p>\n\n\n\n<p><strong><strong>4. Februar<\/strong> &#8211; <\/strong>Brandeinsatz in Gasteil, 22 Mitglieder, Einsatzdauer 3:32 bis 6:52 Uhr<\/p>\n\n\n\n<p><strong><strong>15. April<\/strong> &#8211; <\/strong>Brand Bergstra\u00dfe 3, 34 Mitglieder, Einsatzdauer 3:09 bis 8:39 Uhr<\/p>\n\n\n\n<p><strong><strong>20. April<\/strong> &#8211; <\/strong>Brand bei Semperit Streicherei, 28 Mitglieder, Einsatzdauer 0:13 bis 6:13 Uhr<\/p>\n\n\n\n<p><strong><strong>20. Juni<\/strong> &#8211; <\/strong>Brand Reithofferplatz, 18 Mitglieder, Einsatzdauer 5:36 bis 7:06 Uhr<\/p>\n\n\n\n<p><strong><strong>28. Juni<\/strong> &#8211; <\/strong>Technischer Einsatz in Payerbach Tankwagenunfall, 14 Mitglieder, Einsatzdauer 19:18 bis 21:28 Uhr. Aufbau des dreifachen Brandschutzes mit ULF.<\/p>\n\n\n\n<p style=\"font-size:25px\"><strong><em><mark style=\"background-color:rgba(0, 0, 0, 0)\" class=\"has-inline-color has-vivid-red-color\">1991<\/mark><\/em><\/strong><\/p>\n\n\n\n<p>In der Mitgliederversammlung am <strong>12. J\u00e4nner 1991<\/strong> wurde das bisherige Kommando in seiner Zusammensetzung best\u00e4tigt.<\/p>\n\n\n\n<figure class=\"wp-block-table is-style-stripes\"><table><thead><tr><th>Funktion<\/th><th>Name<\/th><\/tr><\/thead><tbody><tr><td>Kommandant:<\/td><td>Karl Krenn<\/td><\/tr><tr><td>Stellvertreter:<\/td><td>Josef Handler<\/td><\/tr><tr><td>Kassier:<\/td><td>Johann P\u00fcrer<\/td><\/tr><\/tbody><\/table><\/figure>\n\n\n\n<p>Ende <strong>Juli 1991<\/strong> kam es in Folge eines Hochwassers zu zahlreichen technischen Eins\u00e4tzen im Ortsgebiet von Wimpassing. Neben Sicherungsma\u00dfnahmen waren zum gr\u00f6\u00dften Teil Auspumparbeiten zu erledigen. Insgesamt erstreckten sich die Eins\u00e4tze bez\u00fcglich Hochwasser \u00fcber einen Zeitraum von acht Tagen.<\/p>\n\n\n\n<p style=\"font-size:25px\"><strong><em><mark style=\"background-color:rgba(0, 0, 0, 0)\" class=\"has-inline-color has-vivid-red-color\">1992<\/mark><\/em><\/strong><\/p>\n\n\n\n<p><strong><strong>20. Juni<\/strong> &#8211; <\/strong>Technischer Einsatz Neubaugasse, Post, Maretgasse, St. Valentin, 21 Mitglieder, Einsatzdauer 12:46 bis 17:36 Uhr<\/p>\n\n\n\n<p><strong><strong>10. August<\/strong> &#8211; <\/strong>Brandeinsatz Kohlberg, 5 Mitglieder, Einsatzdauer 19:15 bis 23:15 Uhr<\/p>\n\n\n\n<p><strong>Schneebergbrand<\/strong><\/p>\n\n\n\n<p><strong>29. &#8211; 31. August<\/strong> &#8211; Ende August stand die Freiwillige Feuerwehr Wimpassing beim Waldbrand am Schneeberg im Dauereinsatz. Obwohl wir zu diesem Zeitpunkt das Festzelt hatten, konnten wir immer eine komplette TLF Besatzung abstellen. Gro\u00dfe Hitze und vor allem Wassermangel zwang die Einsatzleitung zur Unterst\u00fctzung der Kr\u00e4fte aus dem Bezirk Neunkirchen noch die Katastrophenz\u00fcge der Bezirke Baden, Bruck\/Leitha und M\u00f6dling anzufordern.\u00a0 Diese mussten dann eine Relaisleitung von der Hengsth\u00fctte auf den Hohen Hengst aufbauen. Mit den Tankl\u00f6schfahrzeugen wurde das Wasser von Puchberg bis zur Hengsh\u00fctte gebracht.<\/p>\n\n\n\n<p>Unser Kommandant Karl Krenn, der die <em><strong>Einsatzleitung Hoher Hengst<\/strong><\/em> geleitet hatte, bekam\u00a0 f\u00fcr besondere Leistungen eine Auszeichnung der Gemeinde Wien.<\/p>\n\n\n\n<p style=\"font-size:25px\"><strong><em><mark style=\"background-color:rgba(0, 0, 0, 0)\" class=\"has-inline-color has-vivid-red-color\">1993<\/mark><\/em><\/strong><\/p>\n\n\n\n<p><strong><strong>16. Mai<\/strong> &#8211; <\/strong>Brandeinsatz in Payerbach, 18 Mitglieder, Einsatzdauer 0:46 bis 6:46 Uhr<\/p>\n\n\n\n<p>In diesem Jahr wurde auch das bestehende Feuerwehrhauses um einen B\u00fcrotrakt f\u00fcr das Kommando und die Verwaltung erweitert.<\/p>\n\n\n\n<p style=\"font-size:25px\"><strong><em><mark style=\"background-color:rgba(0, 0, 0, 0)\" class=\"has-inline-color has-vivid-red-color\">1994<\/mark><\/em><\/strong><\/p>\n\n\n\n<p>Ankauf eines eigenen Festzeltes f\u00fcr des Festzeltbetrieb und f\u00fcr den Katastrophenfall.<\/p>\n\n\n\n<p style=\"font-size:25px\"><strong><em><mark style=\"background-color:rgba(0, 0, 0, 0)\" class=\"has-inline-color has-vivid-red-color\">1996<\/mark><\/em><\/strong><\/p>\n\n\n\n<p>In der Mitgliederversammlung wurde folgendes Kommando gew\u00e4hlt bzw. der Verwalter vom neu gew\u00e4hlten Kommandanten ernannt.<\/p>\n\n\n\n<figure class=\"wp-block-table is-style-stripes\"><table><thead><tr><th>Funktion<\/th><th>Name<\/th><\/tr><\/thead><tbody><tr><td>Kommandant:<\/td><td>Karl Krenn<\/td><\/tr><tr><td>Stellvertreter:<\/td><td>Josef Handler<\/td><\/tr><tr><td>Verwalter:<\/td><td>Klaus Teigl<\/td><\/tr><\/tbody><\/table><\/figure>\n\n\n\n<p style=\"font-size:25px\"><strong><em><mark style=\"background-color:rgba(0, 0, 0, 0)\" class=\"has-inline-color has-vivid-red-color\">1997<\/mark><\/em><\/strong><\/p>\n\n\n\n<p>Da Kommandant Karl Krenn aus beruflichen Gr\u00fcnden sein Amt als Kommandant nicht mehr voll aus\u00fcben konnte, kam es in der Mitgliederversammlung am <strong>12. J\u00e4nner 1997<\/strong> zu au\u00dferplanm\u00e4\u00dfigen Neuwahlen. Folgendes Kommando wurde neu gew\u00e4hlt bzw. der Verwalter der vom neu gew\u00e4hlten Kommandanten ernannt.<\/p>\n\n\n\n<figure class=\"wp-block-table is-style-stripes\"><table><thead><tr><th>Funktion<\/th><th>Name<\/th><\/tr><\/thead><tbody><tr><td>Kommandant:<\/td><td>Josef Handler<\/td><\/tr><tr><td>Stellvertreter:<\/td><td>Martin Atzler<\/td><\/tr><tr><td>Verwalter:<\/td><td>Klaus Teigl<\/td><\/tr><\/tbody><\/table><\/figure>\n\n\n\n<p><strong><strong>8. Juli<\/strong> &#8211; <\/strong>KHD Hochwassereinsatz in Kaltenleutgeb, 15 Mitglieder, Einsatzdauer 21:15 bis 6:30 Uhr<\/p>\n\n\n\n<p><strong><strong>9. Juli<\/strong> &#8211; <\/strong>Hochwassereinsatz in Reichenau, 5 Mitglieder, Einsatzdauer 4:30 bis 14:30 Uhr<\/p>\n\n\n\n<p style=\"font-size:25px\"><strong><em><mark style=\"background-color:rgba(0, 0, 0, 0)\" class=\"has-inline-color has-vivid-red-color\">1998<\/mark><\/em><\/strong><\/p>\n\n\n\n<p><strong><strong>9. J\u00e4nner<\/strong> &#8211; <\/strong>Waldbrand in Sieding, 18 Mitglieder, Einsatzdauer 17:30 bis 1:30 Uhr<\/p>\n\n\n\n<p><strong><strong>8. Februar<\/strong> &#8211; <\/strong>Waldbrand am Silbersberg, 18 Mitglieder, Einsatzdauer 16:45 bis 22:45 Uhr<\/p>\n\n\n\n<p><strong><strong>13. &#8211; 14. Juli<\/strong> &#8211; <\/strong>Brandeinsatz Semperit Pressenhaus, 28 Mitglieder, Einsatzdauer 20:30 bis 5:00 Uhr<\/p>\n\n\n\n<p><strong><strong>14. <\/strong>Oktober &#8211; <\/strong>Brand Scapa Rolls, 22 Mitglieder, Einsatzdauer 17:33 bis 20:00 Uhr<\/p>\n\n\n\n<p style=\"font-size:25px\"><strong><em><mark style=\"background-color:rgba(0, 0, 0, 0)\" class=\"has-inline-color has-vivid-red-color\">1999<\/mark><\/em><\/strong><\/p>\n\n\n\n<p>In der Mitgliederversammlung am <strong>17. J\u00e4nenr 1999<\/strong> wurde Robert Weissenbacher durch den Kommandant zum neuen Leiter des Verwaltungsdienstes ernannt.<\/p>\n","protected":false},"excerpt":{"rendered":"<p>Durch den schrittweisen Ausbau der Semmering-Schnellsta\u00dfe S6 ging die Anzahl der schweren Verkehrsunf\u00e4lle Anfang der 90er Jahre im Ortsgebiet stark zur\u00fcck. Anfang der 90er wurde ein TLF-A 4000 angekauft, dass sich schon kurz darauf beim Brandeinsatz am Schneeberg beweisen konnte. Gegen Ende der 90er Jahre kam es zu einigen Gro\u00dfbr\u00e4nden in der ortsans\u00e4ssigen Industrie. 1990 [&hellip;]<\/p>\n","protected":false},"author":2,"featured_media":0,"comment_status":"open","ping_status":"open","sticky":false,"template":"","format":"standard","meta":{"footnotes":""},"categories":[24],"tags":[],"class_list":["post-4491","post","type-post","status-publish","format-standard","hentry","category-chronik"],"_links":{"self":[{"href":"https:\/\/ff-wimpassing.at\/index.php?rest_route=\/wp\/v2\/posts\/4491","targetHints":{"allow":["GET"]}}],"collection":[{"href":"https:\/\/ff-wimpassing.at\/index.php?rest_route=\/wp\/v2\/posts"}],"about":[{"href":"https:\/\/ff-wimpassing.at\/index.php?rest_route=\/wp\/v2\/types\/post"}],"author":[{"embeddable":true,"href":"https:\/\/ff-wimpassing.at\/index.php?rest_route=\/wp\/v2\/users\/2"}],"replies":[{"embeddable":true,"href":"https:\/\/ff-wimpassing.at\/index.php?rest_route=%2Fwp%2Fv2%2Fcomments&post=4491"}],"version-history":[{"count":4,"href":"https:\/\/ff-wimpassing.at\/index.php?rest_route=\/wp\/v2\/posts\/4491\/revisions"}],"predecessor-version":[{"id":4519,"href":"https:\/\/ff-wimpassing.at\/index.php?rest_route=\/wp\/v2\/posts\/4491\/revisions\/4519"}],"wp:attachment":[{"href":"https:\/\/ff-wimpassing.at\/index.php?rest_route=%2Fwp%2Fv2%2Fmedia&parent=4491"}],"wp:term":[{"taxonomy":"category","embeddable":true,"href":"https:\/\/ff-wimpassing.at\/index.php?rest_route=%2Fwp%2Fv2%2Fcategories&post=4491"},{"taxonomy":"post_tag","embeddable":true,"href":"https:\/\/ff-wimpassing.at\/index.php?rest_route=%2Fwp%2Fv2%2Ftags&post=4491"}],"curies":[{"name":"wp","href":"https:\/\/api.w.org\/{rel}","templated":true}]}}