{"id":4478,"date":"2021-01-01T09:48:00","date_gmt":"2021-01-01T09:48:00","guid":{"rendered":"https:\/\/ff-wimpassing.at\/?p=4478"},"modified":"2023-04-19T09:46:05","modified_gmt":"2023-04-19T09:46:05","slug":"1970-bis-1979","status":"publish","type":"post","link":"https:\/\/ff-wimpassing.at\/?p=4478","title":{"rendered":"1970 bis 1979"},"content":{"rendered":"\n<p>In den 70er Jahren gab es zahlreiche Gro\u00dfbr\u00e4nde, wie zum Beispiel den Brand des Reifenlagers der Firma Semperit, den Brand der Weilkellerei Maierhofer sowie einen Brand im Hochhaus. Mitte der 70er Jahre wurde ein Universall\u00f6schfahrzeug angekauft. Ende der 70er Jahre bezogen wir unser neues Feuerwehrhaus, in dem wir bis heute untergebracht sind.<\/p>\n\n\n\n<p style=\"font-size:25px\"><mark style=\"background-color:rgba(0, 0, 0, 0)\" class=\"has-inline-color has-vivid-red-color\"><strong><em>1970<\/em><\/strong><\/mark><\/p>\n\n\n\n<p><strong>14. Juni<\/strong> &#8211; Brand in der Weinkellerei Maierhofer, 16 Mann, Einsatzdauer 11:45 bis 16:40 Uhr<\/p>\n\n\n\n<figure class=\"wp-block-gallery has-nested-images columns-4 is-cropped wp-block-gallery-1 is-layout-flex wp-block-gallery-is-layout-flex\">\n<figure class=\"wp-block-image size-large\"><a href=\"https:\/\/ff-wimpassing.at\/wp-content\/uploads\/2022\/03\/be_maierhofer_1.jpg\"><img loading=\"lazy\" decoding=\"async\" width=\"420\" height=\"320\" data-id=\"1364\" src=\"https:\/\/ff-wimpassing.at\/wp-content\/uploads\/2022\/03\/be_maierhofer_1.jpg\" alt=\"\" class=\"wp-image-1364\" srcset=\"https:\/\/ff-wimpassing.at\/wp-content\/uploads\/2022\/03\/be_maierhofer_1.jpg 420w, https:\/\/ff-wimpassing.at\/wp-content\/uploads\/2022\/03\/be_maierhofer_1-300x229.jpg 300w\" sizes=\"auto, (max-width: 420px) 100vw, 420px\" \/><\/a><\/figure>\n\n\n\n<figure class=\"wp-block-image size-large\"><a href=\"https:\/\/ff-wimpassing.at\/wp-content\/uploads\/2022\/03\/be_maierhofer_2.jpg\"><img loading=\"lazy\" decoding=\"async\" width=\"420\" height=\"320\" data-id=\"1365\" src=\"https:\/\/ff-wimpassing.at\/wp-content\/uploads\/2022\/03\/be_maierhofer_2.jpg\" alt=\"\" class=\"wp-image-1365\" srcset=\"https:\/\/ff-wimpassing.at\/wp-content\/uploads\/2022\/03\/be_maierhofer_2.jpg 420w, https:\/\/ff-wimpassing.at\/wp-content\/uploads\/2022\/03\/be_maierhofer_2-300x229.jpg 300w\" sizes=\"auto, (max-width: 420px) 100vw, 420px\" \/><\/a><\/figure>\n\n\n\n<figure class=\"wp-block-image size-large\"><a href=\"https:\/\/ff-wimpassing.at\/wp-content\/uploads\/2022\/03\/be_maierhofer_3.jpg\"><img loading=\"lazy\" decoding=\"async\" width=\"420\" height=\"320\" data-id=\"1366\" src=\"https:\/\/ff-wimpassing.at\/wp-content\/uploads\/2022\/03\/be_maierhofer_3.jpg\" alt=\"\" class=\"wp-image-1366\" srcset=\"https:\/\/ff-wimpassing.at\/wp-content\/uploads\/2022\/03\/be_maierhofer_3.jpg 420w, https:\/\/ff-wimpassing.at\/wp-content\/uploads\/2022\/03\/be_maierhofer_3-300x229.jpg 300w\" sizes=\"auto, (max-width: 420px) 100vw, 420px\" \/><\/a><\/figure>\n\n\n\n<figure class=\"wp-block-image size-large\"><a href=\"https:\/\/ff-wimpassing.at\/wp-content\/uploads\/2022\/03\/be_maierhofer_4.jpg\"><img loading=\"lazy\" decoding=\"async\" width=\"420\" height=\"320\" data-id=\"1367\" src=\"https:\/\/ff-wimpassing.at\/wp-content\/uploads\/2022\/03\/be_maierhofer_4.jpg\" alt=\"\" class=\"wp-image-1367\" srcset=\"https:\/\/ff-wimpassing.at\/wp-content\/uploads\/2022\/03\/be_maierhofer_4.jpg 420w, https:\/\/ff-wimpassing.at\/wp-content\/uploads\/2022\/03\/be_maierhofer_4-300x229.jpg 300w\" sizes=\"auto, (max-width: 420px) 100vw, 420px\" \/><\/a><\/figure>\n<\/figure>\n\n\n\n<p><strong>18. Juni <\/strong>\u2013 Hochwassereinsatz im H\u00f6llental, 8 eingesetzte M\u00e4nner unserer Feuerwehr<\/p>\n\n\n\n<p><strong>15. September <\/strong>\u2013 Brand in Sch\u00f6nstadl bis 16. September 1970 von 13:00 bis 17:10 Uhr<\/p>\n\n\n\n<p><strong>17. September <\/strong>\u2013 Brand in Sch\u00f6nstadl von 00:00 bis 05:30 Uhr<\/p>\n\n\n\n<p style=\"font-size:25px\"><strong><em><mark style=\"background-color:rgba(0, 0, 0, 0)\" class=\"has-inline-color has-vivid-red-color\">1971<\/mark><\/em><\/strong><\/p>\n\n\n\n<p>Unter dem Vorsitz von Vizeb\u00fcrgermeister Georg Taferner wurde am <strong>13. J\u00e4nner 1971<\/strong> ein neues Kommando gew\u00e4hlt. Das Wahlvorschlagskomitee schlug folgende zwei Kameraden zur Wahl des Kommandanten vor: <\/p>\n\n\n\n<p>Felix Schabauer und Johann Schwingersbauer<\/p>\n\n\n\n<p>Die Stimmen der 31 anwesenden Kameraden teilten sich wie folgt auf:<\/p>\n\n\n\n<p>Felix Schabauer 29 Stimmen, Johann Schwingersbauer 1 Stimmen und 1 ung\u00fcltige Stimme.<\/p>\n\n\n\n<p>Des weiteren wurde Johann Luger erneur zum Kommandantstellvertreter gew\u00e4hlt.<\/p>\n\n\n\n<figure class=\"wp-block-table is-style-stripes\"><table><thead><tr><th>Funktion<\/th><th>Name<\/th><\/tr><\/thead><tbody><tr><td><strong>Kommandant:<\/strong><\/td><td>Felix Schabauer<\/td><\/tr><tr><td>Stellvertreter:<\/td><td>Johann Luger<\/td><\/tr><tr><td><strong>Verwalter:<\/strong><\/td><td>Wolfgang Kabatek<\/td><\/tr><tr><td>Kassier:<\/td><td>Wolfgang Hencic<\/td><\/tr><\/tbody><\/table><\/figure>\n\n\n\n<p>Kommandant Felix Schabauer wurde zum Unterabschnittsfeuerwehrkommandant des Feuerwehrunterabschnittes IV &#8211; Unteres Schwarzatal &#8211; gew\u00e4hlt. Damals bestand der UA IV noch aus acht Feuerwehren. Dies waren:<\/p>\n\n\n\n<ul class=\"wp-block-list\">\n<li>FF Enzenreith<\/li>\n\n\n\n<li>FF Grafenbach<\/li>\n\n\n\n<li>FF K\u00f6ttlach<\/li>\n\n\n\n<li>FF Penk-Altendorf<\/li>\n\n\n\n<li>FF Pottschach<\/li>\n\n\n\n<li>FF Putzmannsdorf<\/li>\n\n\n\n<li>FF St. Valentin \/ Landschach<\/li>\n\n\n\n<li>FF Wimpassing<\/li>\n<\/ul>\n\n\n\n<p>Im selben Jahr wurde Kommandant Felix Schabauer Zugskommandant des 2. FuB-Zuges des Bezirks Neunkirchen.<\/p>\n\n\n\n<p><strong>Gr\u00fcndung der Feuerwehrjugend<\/strong><\/p>\n\n\n\n<p>In der Kommandositzung am <strong>19. August 1971<\/strong> wurde nach einem Vorschlag vom Kommandanten Felix Schabauer die Gr\u00fcndung der Wimpassinger Feuerwehrjugend beschlossen. Als Jugendf\u00fchrer wurde der damalige Ausbilder der FF Wimpassing Johann Schwingersbauer bestimmt.<\/p>\n\n\n\n<figure class=\"wp-block-gallery has-nested-images columns-default is-cropped wp-block-gallery-2 is-layout-flex wp-block-gallery-is-layout-flex\">\n<figure class=\"wp-block-image size-large\"><img loading=\"lazy\" decoding=\"async\" width=\"420\" height=\"320\" data-id=\"1384\" src=\"https:\/\/ff-wimpassing.at\/wp-content\/uploads\/2022\/03\/jugend_1.jpg\" alt=\"\" class=\"wp-image-1384\" srcset=\"https:\/\/ff-wimpassing.at\/wp-content\/uploads\/2022\/03\/jugend_1.jpg 420w, https:\/\/ff-wimpassing.at\/wp-content\/uploads\/2022\/03\/jugend_1-300x229.jpg 300w\" sizes=\"auto, (max-width: 420px) 100vw, 420px\" \/><\/figure>\n<\/figure>\n\n\n\n<p>Am Bild stehend von links: Kommandant Felix Schabauer, Benno Hlavacek, Karl Pichler, Gerhard Happenhofer, Johannes Sch\u00f6rf, Herbert Schwingersbauer, Roman Pfeffer, Karl Geier, Rudolf Foidl.<br>Vorne kniend: Franz Kallinger<\/p>\n\n\n\n<p><strong>23. und 24. Oktober <\/strong>\u2013 Brand in der Stuppacher Papierfabrik<\/p>\n\n\n\n<p style=\"font-size:25px\"><strong><em><mark style=\"background-color:rgba(0, 0, 0, 0)\" class=\"has-inline-color has-vivid-red-color\">1972<\/mark><\/em><\/strong><\/p>\n\n\n\n<p><strong>19. M\u00e4rz<\/strong> &#8211; Brand am Kuhberg, 8 Mann<\/p>\n\n\n\n<p><strong>22. M\u00e4rz<\/strong> &#8211; Brand am Vogler-Berg, 14 Mann<\/p>\n\n\n\n<p><strong>16. April<\/strong> &#8211; Erdbeben, St\u00e4rke&nbsp;7, Epizentrum Seebenstein-Pitten, 21 Mann standen in den darauffolgenden Tagen im Einsatz. Es galt vor allem Rauchf\u00e4nge und Mauern zu sicher.<\/p>\n\n\n\n<p><strong>22. Juli <\/strong>\u2013 Brand des Vierbr\u00fcderbaums in V\u00f6stenhof, 6 Mann, Einsatzdauer von 15:15 bis 19:00 Uhr<\/p>\n\n\n\n<p><strong><strong>23. Juli <\/strong>\u2013 Brand des Vierbr\u00fcderbaums in V\u00f6stenhof, 7 Mann, Einsatzdauer von 10:30 bis 22:30 Uhr<\/strong><\/p>\n\n\n\n<p>Ebenfalls am <strong>23. Juli<\/strong> <strong>1972<\/strong> wurden die Landesfeuerwehrwettk\u00e4mpfe in Willhelmburg abgehalten. Dort erreichte unsere Wettkampfgruppe den 2. Platz in Silber und ebenfalls 2. Platz in Bronze.<\/p>\n\n\n\n<p style=\"font-size:25px\"><strong><em><mark style=\"background-color:rgba(0, 0, 0, 0)\" class=\"has-inline-color has-vivid-red-color\">1973<\/mark><\/em><\/strong><\/p>\n\n\n\n<p><strong>12. M\u00e4rz <\/strong>\u2013 Waldbrand am H\u00f6llerberg, 12 Mann<\/p>\n\n\n\n<p>Im <strong>Juni 1973<\/strong> brach die Maul und Klauenseuche in Nieder\u00f6sterreich aus. Unsere Mitglieder halfen eine Woche bei der Betreuung der Seuchenteppiche im Ortsgebiet.<\/p>\n\n\n\n<p style=\"font-size:25px\"><strong><em><mark style=\"background-color:rgba(0, 0, 0, 0)\" class=\"has-inline-color has-vivid-red-color\">1974<\/mark><\/em><\/strong><\/p>\n\n\n\n<p><strong>J\u00e4nner &#8211;<\/strong> Johann Schwingersbauer \u00fcbergab die Leitung der Feuerwehrjugend Wimpassing an Peter Rottensteiner.<\/p>\n\n\n\n<p>Ankauf eines neuen ULF 1500-250-750 auf Mercedes 1113. Die Segnung des Fahrzeuges fand im Rahmen&nbsp;des Ersten&nbsp;Festzeltes am Samstag, den <strong>13. Juli 1974<\/strong> statt. Als Fahrzeugpatin fungierte Traude Maierhofer. Das TLF 2000 auf Steyr480 wurde an die Freiwillige Feuerwehr Willendorf verkauft.<\/p>\n\n\n\n<figure class=\"wp-block-gallery has-nested-images columns-default is-cropped wp-block-gallery-3 is-layout-flex wp-block-gallery-is-layout-flex\">\n<figure class=\"wp-block-image size-large\"><a href=\"https:\/\/ff-wimpassing.at\/wp-content\/uploads\/2022\/03\/ulf_segnung_1.jpg\"><img loading=\"lazy\" decoding=\"async\" width=\"420\" height=\"320\" data-id=\"1362\" src=\"https:\/\/ff-wimpassing.at\/wp-content\/uploads\/2022\/03\/ulf_segnung_1.jpg\" alt=\"\" class=\"wp-image-1362\" srcset=\"https:\/\/ff-wimpassing.at\/wp-content\/uploads\/2022\/03\/ulf_segnung_1.jpg 420w, https:\/\/ff-wimpassing.at\/wp-content\/uploads\/2022\/03\/ulf_segnung_1-300x229.jpg 300w\" sizes=\"auto, (max-width: 420px) 100vw, 420px\" \/><\/a><\/figure>\n\n\n\n<figure class=\"wp-block-image size-large\"><a href=\"https:\/\/ff-wimpassing.at\/wp-content\/uploads\/2022\/03\/ulf_segnung_2.jpg\"><img loading=\"lazy\" decoding=\"async\" width=\"420\" height=\"320\" data-id=\"1354\" src=\"https:\/\/ff-wimpassing.at\/wp-content\/uploads\/2022\/03\/ulf_segnung_2.jpg\" alt=\"\" class=\"wp-image-1354\" srcset=\"https:\/\/ff-wimpassing.at\/wp-content\/uploads\/2022\/03\/ulf_segnung_2.jpg 420w, https:\/\/ff-wimpassing.at\/wp-content\/uploads\/2022\/03\/ulf_segnung_2-300x229.jpg 300w\" sizes=\"auto, (max-width: 420px) 100vw, 420px\" \/><\/a><\/figure>\n<\/figure>\n\n\n\n<p><strong>23. November <\/strong>\u2013 Traktorbergung um 9:30 Uhr in der Forstgasse. Unser Kamerad Franz Krenn verungl\u00fcckte in Aus\u00fcbung seines Berufes t\u00f6dlich.<\/p>\n\n\n\n<p><strong><strong>28. Juli <\/strong>\u2013 <\/strong>Zimmerbrand im 8. Stock des Hochhauses, 12 Mann, Einsatzdauer von 18:20 bis 19:45 Uhr<\/p>\n\n\n\n<p style=\"font-size:25px\"><strong><em><mark style=\"background-color:rgba(0, 0, 0, 0)\" class=\"has-inline-color has-vivid-red-color\">1975<\/mark><\/em><\/strong><\/p>\n\n\n\n<p><strong>24. M\u00e4rz<\/strong>\u2013 Kellerbrand in der Farbenhandlung der Firma Luger, 10 Mann standen im Einsatz. Der Brand konnte nur durch den Einsatz der Pulveranlage des neu angeschaften ULF\u00b4s gel\u00f6scht werden.<\/p>\n\n\n\n<p style=\"font-size:25px\"><strong><em><mark style=\"background-color:rgba(0, 0, 0, 0)\" class=\"has-inline-color has-vivid-red-color\">1976<\/mark><\/em><\/strong><\/p>\n\n\n\n<p>Unter dem Vorsitz von B\u00fcrgermeister Otto Schwarz wurden am 3. J\u00e4nner 1976 Neuwahlen durchgef\u00fchrt. Das Wahlvorschlagskomitee schlug folgende zwei Kameraden zur Wahl des Kommandanten vor: Felix Schabauer und Johann Luger. <\/p>\n\n\n\n<p>Die Stimmen der 28 anwesenden Kameraden teilten sich wie folgt auf:<\/p>\n\n\n\n<p>Felix Schabauer 24 Stimmen, Johann Luger 1 Stimme und 3 ung\u00fcltige Stimmen. Peter Rottensteiner wurde mit 16 Stimmen zum Kommandantstellvertreter gew\u00e4hlt.<\/p>\n\n\n\n<figure class=\"wp-block-table is-style-stripes\"><table><thead><tr><th>Funktion<\/th><th>Name<\/th><\/tr><\/thead><tbody><tr><td>Kommandant:<\/td><td>Felix Schabauer<\/td><\/tr><tr><td>Stellvertreter:<\/td><td>Peter Rottensteiner<\/td><\/tr><tr><td>Verwalter:<\/td><td>Karl Krenn<\/td><\/tr><\/tbody><\/table><\/figure>\n\n\n\n<p>Um die immer wichtiger werdenden Ger\u00e4te f\u00fcr Verkehrsunf\u00e4lle und \u00e4hnliche Eins\u00e4tze anschaffen, beziehungsweise finanzieren zu k\u00f6nnen, wurde in der Chargenbesprechung vom 21. Juni 1976 die Abhaltung eines Bierzeltbetriebes im Rahmen der Wimpassinger Kleinmesse beschlossen. Die Fr\u00fcchte der damalige Entscheidung werden bis heute noch geerntet. So wird nach wie vor jedes Jahr gleichzeitig mit der Wimpassinger Messe das Festzelt der Freiwilligen Feuerwehr Wimpassing veranstaltet.<\/p>\n\n\n\n<p>Ende des Jahres wurde von der Gemeinde der Neubau eines Feuerwehrhauses beschlossen.<\/p>\n\n\n\n<p style=\"font-size:25px\"><strong><em><mark style=\"background-color:rgba(0, 0, 0, 0)\" class=\"has-inline-color has-vivid-red-color\">1977<\/mark><\/em><\/strong><\/p>\n\n\n\n<p><strong>Reifenlagerbrand<\/strong><\/p>\n\n\n\n<p><strong>24. Februar<\/strong> &#8211; Brand bei der Firma Semperit Werk III, 20 Mann, Einsatzdauer von 16:30 bis 24:00 Uhr. Spielende Kinder verursachten den gr\u00f6\u00dften Brandeinsatz im Bezirk Neunkirchen. Am sp\u00e4ten Nachmittag setzten sie das Altreifenlager der Firma Semperit in Brand.<\/p>\n\n\n\n<p>Alle 90 Feuerwehren des Bezirkes Neunkirchen standen im Schichtbetrieb im Einsatz. Unterst\u00fctzung kam auch von zehn Feuerwehren des Bezirkes Wiener Neustadt die alle mit Wasserwerfern ausgestattet waren. Die Rauchs\u00e4ule konnte man sogar vom Neusiedlersee aus beobachten.<\/p>\n\n\n\n<figure class=\"wp-block-gallery has-nested-images columns-4 is-cropped wp-block-gallery-4 is-layout-flex wp-block-gallery-is-layout-flex\">\n<figure class=\"wp-block-image size-large\"><a href=\"https:\/\/ff-wimpassing.at\/wp-content\/uploads\/2022\/03\/be_reifen_1.jpg\"><img loading=\"lazy\" decoding=\"async\" width=\"420\" height=\"320\" data-id=\"1368\" src=\"https:\/\/ff-wimpassing.at\/wp-content\/uploads\/2022\/03\/be_reifen_1.jpg\" alt=\"\" class=\"wp-image-1368\" srcset=\"https:\/\/ff-wimpassing.at\/wp-content\/uploads\/2022\/03\/be_reifen_1.jpg 420w, https:\/\/ff-wimpassing.at\/wp-content\/uploads\/2022\/03\/be_reifen_1-300x229.jpg 300w\" sizes=\"auto, (max-width: 420px) 100vw, 420px\" \/><\/a><\/figure>\n\n\n\n<figure class=\"wp-block-image size-large\"><a href=\"https:\/\/ff-wimpassing.at\/wp-content\/uploads\/2022\/03\/be_reifen_2.jpg\"><img loading=\"lazy\" decoding=\"async\" width=\"420\" height=\"320\" data-id=\"1369\" src=\"https:\/\/ff-wimpassing.at\/wp-content\/uploads\/2022\/03\/be_reifen_2.jpg\" alt=\"\" class=\"wp-image-1369\" srcset=\"https:\/\/ff-wimpassing.at\/wp-content\/uploads\/2022\/03\/be_reifen_2.jpg 420w, https:\/\/ff-wimpassing.at\/wp-content\/uploads\/2022\/03\/be_reifen_2-300x229.jpg 300w\" sizes=\"auto, (max-width: 420px) 100vw, 420px\" \/><\/a><\/figure>\n\n\n\n<figure class=\"wp-block-image size-large\"><a href=\"https:\/\/ff-wimpassing.at\/wp-content\/uploads\/2022\/03\/be_reifen_3.jpg\"><img loading=\"lazy\" decoding=\"async\" width=\"420\" height=\"320\" data-id=\"1370\" src=\"https:\/\/ff-wimpassing.at\/wp-content\/uploads\/2022\/03\/be_reifen_3.jpg\" alt=\"\" class=\"wp-image-1370\" srcset=\"https:\/\/ff-wimpassing.at\/wp-content\/uploads\/2022\/03\/be_reifen_3.jpg 420w, https:\/\/ff-wimpassing.at\/wp-content\/uploads\/2022\/03\/be_reifen_3-300x229.jpg 300w\" sizes=\"auto, (max-width: 420px) 100vw, 420px\" \/><\/a><\/figure>\n\n\n\n<figure class=\"wp-block-image size-large\"><a href=\"https:\/\/ff-wimpassing.at\/wp-content\/uploads\/2022\/03\/be_reifen_4.jpg\"><img loading=\"lazy\" decoding=\"async\" width=\"420\" height=\"320\" data-id=\"1371\" src=\"https:\/\/ff-wimpassing.at\/wp-content\/uploads\/2022\/03\/be_reifen_4.jpg\" alt=\"\" class=\"wp-image-1371\" srcset=\"https:\/\/ff-wimpassing.at\/wp-content\/uploads\/2022\/03\/be_reifen_4.jpg 420w, https:\/\/ff-wimpassing.at\/wp-content\/uploads\/2022\/03\/be_reifen_4-300x229.jpg 300w\" sizes=\"auto, (max-width: 420px) 100vw, 420px\" \/><\/a><\/figure>\n<\/figure>\n\n\n\n<p><strong>25. Februar<\/strong> &#8211; Brand bei der Firma Semperit Werk III, 9 Mann, Einsatzdauer von 06:00 bis 15:30 Uhr.<\/p>\n\n\n\n<p style=\"font-size:25px\"><strong><em><mark style=\"background-color:rgba(0, 0, 0, 0)\" class=\"has-inline-color has-vivid-red-color\">1978<\/mark><\/em><\/strong><\/p>\n\n\n\n<p>Segnung des neuen Feuerwehrhauses mit Leistungsschau der Freiwilligen Feuerwehr Wimpassing. Mit dem Bezug des neuen Feuerwehrhauses wurde auch die neue Funkalarmierung f\u00fcr unsere und alle Feuerwehren des Unterabschnittes IV in Betrieb genommen.<\/p>\n\n\n\n<figure class=\"wp-block-gallery has-nested-images columns-default is-cropped wp-block-gallery-5 is-layout-flex wp-block-gallery-is-layout-flex\">\n<figure class=\"wp-block-image size-large is-style-default\"><a href=\"https:\/\/ff-wimpassing.at\/wp-content\/uploads\/2022\/03\/feuerwehrhaus_segnung_1.jpg\"><img loading=\"lazy\" decoding=\"async\" width=\"420\" height=\"320\" data-id=\"1378\" src=\"https:\/\/ff-wimpassing.at\/wp-content\/uploads\/2022\/03\/feuerwehrhaus_segnung_1.jpg\" alt=\"\" class=\"wp-image-1378\" srcset=\"https:\/\/ff-wimpassing.at\/wp-content\/uploads\/2022\/03\/feuerwehrhaus_segnung_1.jpg 420w, https:\/\/ff-wimpassing.at\/wp-content\/uploads\/2022\/03\/feuerwehrhaus_segnung_1-300x229.jpg 300w\" sizes=\"auto, (max-width: 420px) 100vw, 420px\" \/><\/a><\/figure>\n\n\n\n<figure class=\"wp-block-image size-large\"><a href=\"https:\/\/ff-wimpassing.at\/wp-content\/uploads\/2022\/03\/feuerwehrhaus_segnung_2.jpg\"><img loading=\"lazy\" decoding=\"async\" width=\"320\" height=\"420\" data-id=\"1379\" src=\"https:\/\/ff-wimpassing.at\/wp-content\/uploads\/2022\/03\/feuerwehrhaus_segnung_2.jpg\" alt=\"\" class=\"wp-image-1379\" srcset=\"https:\/\/ff-wimpassing.at\/wp-content\/uploads\/2022\/03\/feuerwehrhaus_segnung_2.jpg 320w, https:\/\/ff-wimpassing.at\/wp-content\/uploads\/2022\/03\/feuerwehrhaus_segnung_2-229x300.jpg 229w\" sizes=\"auto, (max-width: 320px) 100vw, 320px\" \/><\/a><\/figure>\n<\/figure>\n\n\n\n<p style=\"font-size:25px\"><strong><em><mark style=\"background-color:rgba(0, 0, 0, 0)\" class=\"has-inline-color has-vivid-red-color\">1979<\/mark><\/em><\/strong><\/p>\n\n\n\n<p>Nach \u00fcber 20 Dienstjahren wurde der als KLF verwendete VW Bus ausgeschieden und durch eine neues KLF ersetzt. Den Aufbau auf das Fahrgestell VW LT35 stammt von der Firma Lohr. Die Segnung fand Ende 1979 statt. Als Fahrzeugpatin fungierte Frau Annemarie Spanbl\u00f6chel.<\/p>\n\n\n\n<figure class=\"wp-block-gallery has-nested-images columns-default is-cropped wp-block-gallery-6 is-layout-flex wp-block-gallery-is-layout-flex\">\n<figure class=\"wp-block-image size-large\"><a href=\"https:\/\/ff-wimpassing.at\/wp-content\/uploads\/2022\/03\/klf_segnung_1.jpg\"><img loading=\"lazy\" decoding=\"async\" width=\"420\" height=\"320\" data-id=\"1355\" src=\"https:\/\/ff-wimpassing.at\/wp-content\/uploads\/2022\/03\/klf_segnung_1.jpg\" alt=\"\" class=\"wp-image-1355\" srcset=\"https:\/\/ff-wimpassing.at\/wp-content\/uploads\/2022\/03\/klf_segnung_1.jpg 420w, https:\/\/ff-wimpassing.at\/wp-content\/uploads\/2022\/03\/klf_segnung_1-300x229.jpg 300w\" sizes=\"auto, (max-width: 420px) 100vw, 420px\" \/><\/a><figcaption class=\"wp-element-caption\">Annemarie Spanbl\u00f6chel &#8211; Fahrzeugpartin KLF<\/figcaption><\/figure>\n<\/figure>\n","protected":false},"excerpt":{"rendered":"<p>In den 70er Jahren gab es zahlreiche Gro\u00dfbr\u00e4nde, wie zum Beispiel den Brand des Reifenlagers der Firma Semperit, den Brand der Weilkellerei Maierhofer sowie einen Brand im Hochhaus. Mitte der 70er Jahre wurde ein Universall\u00f6schfahrzeug angekauft. Ende der 70er Jahre bezogen wir unser neues Feuerwehrhaus, in dem wir bis heute untergebracht sind. 1970 14. Juni [&hellip;]<\/p>\n","protected":false},"author":2,"featured_media":1384,"comment_status":"open","ping_status":"open","sticky":false,"template":"","format":"standard","meta":{"footnotes":""},"categories":[24],"tags":[],"class_list":["post-4478","post","type-post","status-publish","format-standard","has-post-thumbnail","hentry","category-chronik"],"_links":{"self":[{"href":"https:\/\/ff-wimpassing.at\/index.php?rest_route=\/wp\/v2\/posts\/4478","targetHints":{"allow":["GET"]}}],"collection":[{"href":"https:\/\/ff-wimpassing.at\/index.php?rest_route=\/wp\/v2\/posts"}],"about":[{"href":"https:\/\/ff-wimpassing.at\/index.php?rest_route=\/wp\/v2\/types\/post"}],"author":[{"embeddable":true,"href":"https:\/\/ff-wimpassing.at\/index.php?rest_route=\/wp\/v2\/users\/2"}],"replies":[{"embeddable":true,"href":"https:\/\/ff-wimpassing.at\/index.php?rest_route=%2Fwp%2Fv2%2Fcomments&post=4478"}],"version-history":[{"count":11,"href":"https:\/\/ff-wimpassing.at\/index.php?rest_route=\/wp\/v2\/posts\/4478\/revisions"}],"predecessor-version":[{"id":4668,"href":"https:\/\/ff-wimpassing.at\/index.php?rest_route=\/wp\/v2\/posts\/4478\/revisions\/4668"}],"wp:featuredmedia":[{"embeddable":true,"href":"https:\/\/ff-wimpassing.at\/index.php?rest_route=\/wp\/v2\/media\/1384"}],"wp:attachment":[{"href":"https:\/\/ff-wimpassing.at\/index.php?rest_route=%2Fwp%2Fv2%2Fmedia&parent=4478"}],"wp:term":[{"taxonomy":"category","embeddable":true,"href":"https:\/\/ff-wimpassing.at\/index.php?rest_route=%2Fwp%2Fv2%2Fcategories&post=4478"},{"taxonomy":"post_tag","embeddable":true,"href":"https:\/\/ff-wimpassing.at\/index.php?rest_route=%2Fwp%2Fv2%2Ftags&post=4478"}],"curies":[{"name":"wp","href":"https:\/\/api.w.org\/{rel}","templated":true}]}}